{"id":2693,"date":"2025-02-06T15:13:35","date_gmt":"2025-02-06T14:13:35","guid":{"rendered":"https:\/\/food-impacts.com\/?p=2693"},"modified":"2025-02-25T08:54:47","modified_gmt":"2025-02-25T07:54:47","slug":"projektende-disclaimer-2","status":"publish","type":"post","link":"https:\/\/food-impacts.com\/de\/projektende-disclaimer-2\/","title":{"rendered":"Projektende &#8211; Disclaimer"},"content":{"rendered":"<div class=\"block-wrapper block-wrapper--paragraph\"><div class=\"container container--narrow\">\n<p>Das dreij\u00e4hrige CLIF-Projekt endet am 31. Dezember 2024. Verantwortlich f\u00fcr das Projekt waren der WWF Deutschland, corsus und TMG Research. F\u00fcr weitere Informationen zum Kommunikationstool, wenden sie sich bitte an die hier genannten Kontakte\/Organisationen: &nbsp;<\/p>\n<\/div><\/div>\n\n<div class=\"block-wrapper block-wrapper--paragraph\"><div class=\"container container--narrow\">\n<p>F\u00fcr Informationen zum Backend des Tools und zu den Themen \u00d6kobilanzen und Nachhaltigkeitsstrategien f\u00fcr Unternehmen, wenden Sie sich bitte an corsus. F\u00fcr Informationen zu der Berichtserie FORESEE(4C) zu Food Systems Transformation und sowie Informationen zu True Cost Accounting, wenden sie sich bitte an TMG. F\u00fcr Informationen zum Frontend des Tools und zu allgemeinen Fragen, wenden Sie sich bitte an den WWF Deutschland.&nbsp;<\/p>\n<\/div><\/div>\n\n<div class=\"block-wrapper block-wrapper--paragraph\"><div class=\"container container--narrow\">\n<p><\/p>\n<\/div><\/div>","protected":false},"excerpt":{"rendered":"<p>Das dreij\u00e4hrige CLIF-Projekt endet am 31. Dezember 2024. Verantwortlich f\u00fcr das Projekt waren der WWF Deutschland, corsus und TMG Research. F\u00fcr weitere Informationen zum Kommunikationstool,\u2026<\/p>\n","protected":false},"author":1,"featured_media":270,"comment_status":"closed","ping_status":"closed","sticky":false,"template":"","format":"standard","meta":{"_acf_changed":false,"footnotes":""},"categories":[78],"tags":[],"class_list":["post-2693","post","type-post","status-publish","format-standard","has-post-thumbnail","hentry","category-unkategorisiert"],"acf":[],"yoast_head":"<!-- This site is optimized with the Yoast SEO plugin v27.4 - https:\/\/yoast.com\/product\/yoast-seo-wordpress\/ -->\n<title>Projektende - Disclaimer - Food Impacts<\/title>\n<meta name=\"robots\" content=\"index, follow, max-snippet:-1, max-image-preview:large, max-video-preview:-1\" \/>\n<link rel=\"canonical\" href=\"https:\/\/food-impacts.com\/de\/projektende-disclaimer-2\/\" \/>\n<meta property=\"og:locale\" content=\"de_DE\" \/>\n<meta property=\"og:type\" content=\"article\" \/>\n<meta property=\"og:title\" content=\"Projektende - Disclaimer - Food Impacts\" \/>\n<meta property=\"og:description\" content=\"Das dreij\u00e4hrige CLIF-Projekt endet am 31. Dezember 2024. Verantwortlich f\u00fcr das Projekt waren der WWF Deutschland, corsus und TMG Research. F\u00fcr weitere Informationen zum Kommunikationstool,\u2026\" \/>\n<meta property=\"og:url\" content=\"https:\/\/food-impacts.com\/de\/projektende-disclaimer-2\/\" \/>\n<meta property=\"og:site_name\" content=\"Food Impacts\" \/>\n<meta property=\"article:published_time\" content=\"2025-02-06T14:13:35+00:00\" \/>\n<meta property=\"article:modified_time\" content=\"2025-02-25T07:54:47+00:00\" \/>\n<meta name=\"author\" content=\"LAUDO\" \/>\n<meta name=\"twitter:card\" content=\"summary_large_image\" \/>\n<meta name=\"twitter:label1\" content=\"Verfasst von\" \/>\n\t<meta name=\"twitter:data1\" content=\"LAUDO\" \/>\n\t<meta name=\"twitter:label2\" content=\"Gesch\u00e4tzte Lesezeit\" \/>\n\t<meta name=\"twitter:data2\" content=\"1\u00a0Minute\" \/>\n<script type=\"application\/ld+json\" class=\"yoast-schema-graph\">{\"@context\":\"https:\\\/\\\/schema.org\",\"@graph\":[{\"@type\":\"Article\",\"@id\":\"https:\\\/\\\/food-impacts.com\\\/de\\\/projektende-disclaimer-2\\\/#article\",\"isPartOf\":{\"@id\":\"https:\\\/\\\/food-impacts.com\\\/de\\\/projektende-disclaimer-2\\\/\"},\"author\":{\"name\":\"LAUDO\",\"@id\":\"https:\\\/\\\/food-impacts.com\\\/de\\\/#\\\/schema\\\/person\\\/d67bf9bfaa34110a847b7e2e50f1f093\"},\"headline\":\"Projektende &#8211; Disclaimer\",\"datePublished\":\"2025-02-06T14:13:35+00:00\",\"dateModified\":\"2025-02-25T07:54:47+00:00\",\"mainEntityOfPage\":{\"@id\":\"https:\\\/\\\/food-impacts.com\\\/de\\\/projektende-disclaimer-2\\\/\"},\"wordCount\":108,\"image\":{\"@id\":\"https:\\\/\\\/food-impacts.com\\\/de\\\/projektende-disclaimer-2\\\/#primaryimage\"},\"thumbnailUrl\":\"https:\\\/\\\/food-impacts.com\\\/wp-content\\\/uploads\\\/2022\\\/04\\\/header_stamp.svg\",\"articleSection\":[\"Unkategorisiert\"],\"inLanguage\":\"de\"},{\"@type\":\"WebPage\",\"@id\":\"https:\\\/\\\/food-impacts.com\\\/de\\\/projektende-disclaimer-2\\\/\",\"url\":\"https:\\\/\\\/food-impacts.com\\\/de\\\/projektende-disclaimer-2\\\/\",\"name\":\"Projektende - Disclaimer - Food Impacts\",\"isPartOf\":{\"@id\":\"https:\\\/\\\/food-impacts.com\\\/de\\\/#website\"},\"primaryImageOfPage\":{\"@id\":\"https:\\\/\\\/food-impacts.com\\\/de\\\/projektende-disclaimer-2\\\/#primaryimage\"},\"image\":{\"@id\":\"https:\\\/\\\/food-impacts.com\\\/de\\\/projektende-disclaimer-2\\\/#primaryimage\"},\"thumbnailUrl\":\"https:\\\/\\\/food-impacts.com\\\/wp-content\\\/uploads\\\/2022\\\/04\\\/header_stamp.svg\",\"datePublished\":\"2025-02-06T14:13:35+00:00\",\"dateModified\":\"2025-02-25T07:54:47+00:00\",\"author\":{\"@id\":\"https:\\\/\\\/food-impacts.com\\\/de\\\/#\\\/schema\\\/person\\\/d67bf9bfaa34110a847b7e2e50f1f093\"},\"breadcrumb\":{\"@id\":\"https:\\\/\\\/food-impacts.com\\\/de\\\/projektende-disclaimer-2\\\/#breadcrumb\"},\"inLanguage\":\"de\",\"potentialAction\":[{\"@type\":\"ReadAction\",\"target\":[\"https:\\\/\\\/food-impacts.com\\\/de\\\/projektende-disclaimer-2\\\/\"]}]},{\"@type\":\"ImageObject\",\"inLanguage\":\"de\",\"@id\":\"https:\\\/\\\/food-impacts.com\\\/de\\\/projektende-disclaimer-2\\\/#primaryimage\",\"url\":\"https:\\\/\\\/food-impacts.com\\\/wp-content\\\/uploads\\\/2022\\\/04\\\/header_stamp.svg\",\"contentUrl\":\"https:\\\/\\\/food-impacts.com\\\/wp-content\\\/uploads\\\/2022\\\/04\\\/header_stamp.svg\"},{\"@type\":\"BreadcrumbList\",\"@id\":\"https:\\\/\\\/food-impacts.com\\\/de\\\/projektende-disclaimer-2\\\/#breadcrumb\",\"itemListElement\":[{\"@type\":\"ListItem\",\"position\":1,\"name\":\"Home\",\"item\":\"https:\\\/\\\/food-impacts.com\\\/de\\\/\"},{\"@type\":\"ListItem\",\"position\":2,\"name\":\"Projektende &#8211; Disclaimer\"}]},{\"@type\":\"WebSite\",\"@id\":\"https:\\\/\\\/food-impacts.com\\\/de\\\/#website\",\"url\":\"https:\\\/\\\/food-impacts.com\\\/de\\\/\",\"name\":\"Food Impacts\",\"description\":\"\",\"potentialAction\":[{\"@type\":\"SearchAction\",\"target\":{\"@type\":\"EntryPoint\",\"urlTemplate\":\"https:\\\/\\\/food-impacts.com\\\/de\\\/?s={search_term_string}\"},\"query-input\":{\"@type\":\"PropertyValueSpecification\",\"valueRequired\":true,\"valueName\":\"search_term_string\"}}],\"inLanguage\":\"de\"},{\"@type\":\"Person\",\"@id\":\"https:\\\/\\\/food-impacts.com\\\/de\\\/#\\\/schema\\\/person\\\/d67bf9bfaa34110a847b7e2e50f1f093\",\"name\":\"LAUDO\",\"image\":{\"@type\":\"ImageObject\",\"inLanguage\":\"de\",\"@id\":\"https:\\\/\\\/secure.gravatar.com\\\/avatar\\\/02e187aff594f206d4ab6002c1d5fba8e65a128570a4c2b003a2aee6092a2fd1?s=96&d=mm&r=g\",\"url\":\"https:\\\/\\\/secure.gravatar.com\\\/avatar\\\/02e187aff594f206d4ab6002c1d5fba8e65a128570a4c2b003a2aee6092a2fd1?s=96&d=mm&r=g\",\"contentUrl\":\"https:\\\/\\\/secure.gravatar.com\\\/avatar\\\/02e187aff594f206d4ab6002c1d5fba8e65a128570a4c2b003a2aee6092a2fd1?s=96&d=mm&r=g\",\"caption\":\"LAUDO\"},\"sameAs\":[\"https:\\\/\\\/food-impacts.com\"],\"url\":\"https:\\\/\\\/food-impacts.com\\\/de\\\/author\\\/laudo\\\/\"}]}<\/script>\n<!-- \/ Yoast SEO plugin. -->","yoast_head_json":{"title":"Projektende - Disclaimer - Food Impacts","robots":{"index":"index","follow":"follow","max-snippet":"max-snippet:-1","max-image-preview":"max-image-preview:large","max-video-preview":"max-video-preview:-1"},"canonical":"https:\/\/food-impacts.com\/de\/projektende-disclaimer-2\/","og_locale":"de_DE","og_type":"article","og_title":"Projektende - Disclaimer - Food Impacts","og_description":"Das dreij\u00e4hrige CLIF-Projekt endet am 31. Dezember 2024. Verantwortlich f\u00fcr das Projekt waren der WWF Deutschland, corsus und TMG Research. F\u00fcr weitere Informationen zum Kommunikationstool,\u2026","og_url":"https:\/\/food-impacts.com\/de\/projektende-disclaimer-2\/","og_site_name":"Food Impacts","article_published_time":"2025-02-06T14:13:35+00:00","article_modified_time":"2025-02-25T07:54:47+00:00","author":"LAUDO","twitter_card":"summary_large_image","twitter_misc":{"Verfasst von":"LAUDO","Gesch\u00e4tzte Lesezeit":"1\u00a0Minute"},"schema":{"@context":"https:\/\/schema.org","@graph":[{"@type":"Article","@id":"https:\/\/food-impacts.com\/de\/projektende-disclaimer-2\/#article","isPartOf":{"@id":"https:\/\/food-impacts.com\/de\/projektende-disclaimer-2\/"},"author":{"name":"LAUDO","@id":"https:\/\/food-impacts.com\/de\/#\/schema\/person\/d67bf9bfaa34110a847b7e2e50f1f093"},"headline":"Projektende &#8211; Disclaimer","datePublished":"2025-02-06T14:13:35+00:00","dateModified":"2025-02-25T07:54:47+00:00","mainEntityOfPage":{"@id":"https:\/\/food-impacts.com\/de\/projektende-disclaimer-2\/"},"wordCount":108,"image":{"@id":"https:\/\/food-impacts.com\/de\/projektende-disclaimer-2\/#primaryimage"},"thumbnailUrl":"https:\/\/food-impacts.com\/wp-content\/uploads\/2022\/04\/header_stamp.svg","articleSection":["Unkategorisiert"],"inLanguage":"de"},{"@type":"WebPage","@id":"https:\/\/food-impacts.com\/de\/projektende-disclaimer-2\/","url":"https:\/\/food-impacts.com\/de\/projektende-disclaimer-2\/","name":"Projektende - Disclaimer - Food Impacts","isPartOf":{"@id":"https:\/\/food-impacts.com\/de\/#website"},"primaryImageOfPage":{"@id":"https:\/\/food-impacts.com\/de\/projektende-disclaimer-2\/#primaryimage"},"image":{"@id":"https:\/\/food-impacts.com\/de\/projektende-disclaimer-2\/#primaryimage"},"thumbnailUrl":"https:\/\/food-impacts.com\/wp-content\/uploads\/2022\/04\/header_stamp.svg","datePublished":"2025-02-06T14:13:35+00:00","dateModified":"2025-02-25T07:54:47+00:00","author":{"@id":"https:\/\/food-impacts.com\/de\/#\/schema\/person\/d67bf9bfaa34110a847b7e2e50f1f093"},"breadcrumb":{"@id":"https:\/\/food-impacts.com\/de\/projektende-disclaimer-2\/#breadcrumb"},"inLanguage":"de","potentialAction":[{"@type":"ReadAction","target":["https:\/\/food-impacts.com\/de\/projektende-disclaimer-2\/"]}]},{"@type":"ImageObject","inLanguage":"de","@id":"https:\/\/food-impacts.com\/de\/projektende-disclaimer-2\/#primaryimage","url":"https:\/\/food-impacts.com\/wp-content\/uploads\/2022\/04\/header_stamp.svg","contentUrl":"https:\/\/food-impacts.com\/wp-content\/uploads\/2022\/04\/header_stamp.svg"},{"@type":"BreadcrumbList","@id":"https:\/\/food-impacts.com\/de\/projektende-disclaimer-2\/#breadcrumb","itemListElement":[{"@type":"ListItem","position":1,"name":"Home","item":"https:\/\/food-impacts.com\/de\/"},{"@type":"ListItem","position":2,"name":"Projektende &#8211; Disclaimer"}]},{"@type":"WebSite","@id":"https:\/\/food-impacts.com\/de\/#website","url":"https:\/\/food-impacts.com\/de\/","name":"Food Impacts","description":"","potentialAction":[{"@type":"SearchAction","target":{"@type":"EntryPoint","urlTemplate":"https:\/\/food-impacts.com\/de\/?s={search_term_string}"},"query-input":{"@type":"PropertyValueSpecification","valueRequired":true,"valueName":"search_term_string"}}],"inLanguage":"de"},{"@type":"Person","@id":"https:\/\/food-impacts.com\/de\/#\/schema\/person\/d67bf9bfaa34110a847b7e2e50f1f093","name":"LAUDO","image":{"@type":"ImageObject","inLanguage":"de","@id":"https:\/\/secure.gravatar.com\/avatar\/02e187aff594f206d4ab6002c1d5fba8e65a128570a4c2b003a2aee6092a2fd1?s=96&d=mm&r=g","url":"https:\/\/secure.gravatar.com\/avatar\/02e187aff594f206d4ab6002c1d5fba8e65a128570a4c2b003a2aee6092a2fd1?s=96&d=mm&r=g","contentUrl":"https:\/\/secure.gravatar.com\/avatar\/02e187aff594f206d4ab6002c1d5fba8e65a128570a4c2b003a2aee6092a2fd1?s=96&d=mm&r=g","caption":"LAUDO"},"sameAs":["https:\/\/food-impacts.com"],"url":"https:\/\/food-impacts.com\/de\/author\/laudo\/"}]}},"_links":{"self":[{"href":"https:\/\/food-impacts.com\/de\/wp-json\/wp\/v2\/posts\/2693","targetHints":{"allow":["GET"]}}],"collection":[{"href":"https:\/\/food-impacts.com\/de\/wp-json\/wp\/v2\/posts"}],"about":[{"href":"https:\/\/food-impacts.com\/de\/wp-json\/wp\/v2\/types\/post"}],"author":[{"embeddable":true,"href":"https:\/\/food-impacts.com\/de\/wp-json\/wp\/v2\/users\/1"}],"replies":[{"embeddable":true,"href":"https:\/\/food-impacts.com\/de\/wp-json\/wp\/v2\/comments?post=2693"}],"version-history":[{"count":1,"href":"https:\/\/food-impacts.com\/de\/wp-json\/wp\/v2\/posts\/2693\/revisions"}],"predecessor-version":[{"id":19545,"href":"https:\/\/food-impacts.com\/de\/wp-json\/wp\/v2\/posts\/2693\/revisions\/19545"}],"wp:featuredmedia":[{"embeddable":true,"href":"https:\/\/food-impacts.com\/de\/wp-json\/wp\/v2\/media\/270"}],"wp:attachment":[{"href":"https:\/\/food-impacts.com\/de\/wp-json\/wp\/v2\/media?parent=2693"}],"wp:term":[{"taxonomy":"category","embeddable":true,"href":"https:\/\/food-impacts.com\/de\/wp-json\/wp\/v2\/categories?post=2693"},{"taxonomy":"post_tag","embeddable":true,"href":"https:\/\/food-impacts.com\/de\/wp-json\/wp\/v2\/tags?post=2693"}],"curies":[{"name":"wp","href":"https:\/\/api.w.org\/{rel}","templated":true}]}}