{"id":2248,"date":"2023-04-11T09:56:54","date_gmt":"2023-04-11T09:56:54","guid":{"rendered":"https:\/\/food-impacts.com\/?p=2248"},"modified":"2025-02-19T09:20:08","modified_gmt":"2025-02-19T09:20:08","slug":"tmg-veroeffentlicht-berichtsreihe-foresee-4c","status":"publish","type":"post","link":"https:\/\/food-impacts.com\/de\/tmg-veroeffentlicht-berichtsreihe-foresee-4c\/","title":{"rendered":"TMG ver\u00f6ffentlicht Berichtsreihe FORESEE (4C)"},"content":{"rendered":"<div class=\"block-wrapper block-wrapper--paragraph\"><div class=\"container container--narrow\">\n<p>Die FORESEE (4C)-Reihe \u00fcber die Transformation von Agrar- und Ern\u00e4hrungssystemen in Zeiten multipler Krisen untersucht das derzeitige  Ern\u00e4hrungssystem vor dem Hintergrund der Herausforderungen, die mit den als vier 4 Cs (Climate, Covid-19, Conflict, and Cost of externalities) bekannten Krisen verbunden sind, und gibt Empfehlungen, wie die Transformationsbem\u00fchungen vorangebracht werden k\u00f6nnen.<\/p>\n<\/div><\/div>\n\n<div class=\"block-wrapper block-wrapper--paragraph\"><div class=\"container container--narrow\">\n<p>Bericht 1 gibt einen allgemeinen \u00dcberblick \u00fcber die internationale politische Landschaft, in der die Transformation der Agrar- und Ern\u00e4hrungssysteme ihren Platz finden muss. Der Schwerpunkt liegt dabei auf den drei Rio-Konventionen und m\u00f6glichen Synergien zwischen der Erf\u00fcllung des Rio-Mandats und einer Transformation der Agrar- und Ern\u00e4hrungssysteme.<\/p>\n<\/div><\/div>\n\n<div class=\"block-wrapper block-wrapper--paragraph\"><div class=\"container container--narrow\">\n<p>Bericht 2 gibt einen \u00dcberblick \u00fcber den Stand der Debatte \u00fcber die Transformation der Agrar- und Ern\u00e4hrungssysteme aus der Sicht verschiedener Organisationen, die ein breites Spektrum von Akteuren und Interessengruppen vertreten. Der Bericht gibt einen \u00dcberblick \u00fcber die verschiedenen vorgeschlagenen Ans\u00e4tze zur Erreichung der Ziele der Agrar- und Ern\u00e4hrungssystemtransformation.<\/p>\n<\/div><\/div>\n\n<div class=\"block-wrapper block-wrapper--paragraph\"><div class=\"container container--narrow\">\n<p>Bericht 3 analysiert die L\u00fccken in der Debatte um die Transformation der Agrar- und Ern\u00e4hrungssysteme und beschreibt, wie diese die Transformation behindern. Dar\u00fcber hinaus gibt dieser Bericht Empfehlungen, wie diese L\u00fccken geschlossen werden k\u00f6nnen, um eine Transformation des Agrar- und Ern\u00e4hrungssystems zu erm\u00f6glichen.<\/p>\n<\/div><\/div>\n\n<div class=\"block-wrapper block-wrapper--paragraph\"><div class=\"container container--narrow\">\n<p>Zwei weitere Berichte sollen bis Ende 2024 ver\u00f6ffentlicht werden.<\/p>\n<\/div><\/div>\n\n<div class=\"block-wrapper block-wrapper--paragraph\"><div class=\"container container--narrow\">\n<p><strong>Zu den Berichten:<\/strong><\/p>\n<\/div><\/div>\n\n<div class=\"block-wrapper block-wrapper--paragraph\"><div class=\"container container--narrow\">\n<p><a href=\"https:\/\/assets.ctfassets.net\/rrirl83ijfda\/2rC9nG1T1soeEoVLIF08uM\/54d5e3b7e43a77ed4d3de38b6b530d98\/TMG_FORESEEseries_SummaryReport-2023.03.15.pdf\">Summary report<\/a><\/p>\n<\/div><\/div>\n\n<div class=\"block-wrapper block-wrapper--paragraph\"><div class=\"container container--narrow\">\n<p><a href=\"https:\/\/assets.ctfassets.net\/rrirl83ijfda\/21ZVljAdV6mZ9o5O60vab9\/72f128fc5bf82e8224cbb1893057b4ea\/TMG_FORESEEseries_Report1_ConditionsAndFrameworks_2023.03.15.pdf\">Report 1: Current conditions &amp; Policy Frameworks<\/a><\/p>\n<\/div><\/div>\n\n<div class=\"block-wrapper block-wrapper--paragraph\"><div class=\"container container--narrow\">\n<p><a href=\"https:\/\/assets.ctfassets.net\/rrirl83ijfda\/482rM6sWpPzWQWD07rRvww\/6a572c8782e24d72b1457713dfcb66c0\/TMG_FORESEEseries_Report2_StateOfDebate_2023.03..15.pdf\">Report 2: State of the Debate<\/a><\/p>\n<\/div><\/div>\n\n<div class=\"block-wrapper block-wrapper--paragraph\"><div class=\"container container--narrow\">\n<p><a href=\"https:\/\/assets.ctfassets.net\/rrirl83ijfda\/5TvmjN6WOODmm5j5I7EyB7\/e798fb1613d65c8e2f13fc14bb6fec44\/TMG_FORESEEseries_Report3_BlindSpots_2023.03.15.pdf\">Report 3: Blind Spots in the Debate<\/a><\/p>\n<\/div><\/div>\n\n<div class=\"block-wrapper block-wrapper--paragraph\"><div class=\"container container--narrow\">\n<p><\/p>\n<\/div><\/div>\n\n\n<figure class=\"wp-block-gallery has-nested-images columns-default is-cropped wp-block-gallery-1 is-layout-flex wp-block-gallery-is-layout-flex\"><\/figure>\n\n\n<div class=\"block-wrapper block-wrapper--paragraph\"><div class=\"container container--narrow\">\n<p><\/p>\n<\/div><\/div>\n\n<div class=\"block-wrapper block-wrapper--paragraph\"><div class=\"container container--narrow\">\n<p><\/p>\n<\/div><\/div>\n\n\n<figure class=\"wp-block-gallery has-nested-images columns-default is-cropped wp-block-gallery-2 is-layout-flex wp-block-gallery-is-layout-flex\"><\/figure>\n","protected":false},"excerpt":{"rendered":"<p>Die FORESEE (4C)-Reihe \u00fcber die Transformation von Agrar- und Ern\u00e4hrungssystemen in Zeiten multipler Krisen untersucht das derzeitige Ern\u00e4hrungssystem vor dem Hintergrund der Herausforderungen, die mit\u2026<\/p>\n","protected":false},"author":1,"featured_media":2241,"comment_status":"closed","ping_status":"closed","sticky":false,"template":"","format":"standard","meta":{"_acf_changed":false,"footnotes":""},"categories":[133,139],"tags":[145,144,143],"class_list":["post-2248","post","type-post","status-publish","format-standard","has-post-thumbnail","hentry","category-deutschland-de","category-international-en-de","tag-lebensmittel-de","tag-umweltauswirkungen-de","tag-workshop-de"],"acf":[],"yoast_head":"<!-- This site is optimized with the Yoast SEO plugin v27.5 - https:\/\/yoast.com\/product\/yoast-seo-wordpress\/ -->\n<title>TMG ver\u00f6ffentlicht Berichtsreihe FORESEE (4C) - Food Impacts<\/title>\n<meta name=\"robots\" content=\"index, follow, max-snippet:-1, max-image-preview:large, max-video-preview:-1\" \/>\n<link rel=\"canonical\" href=\"https:\/\/food-impacts.com\/de\/tmg-veroeffentlicht-berichtsreihe-foresee-4c\/\" \/>\n<meta property=\"og:locale\" content=\"de_DE\" \/>\n<meta property=\"og:type\" content=\"article\" \/>\n<meta property=\"og:title\" content=\"TMG ver\u00f6ffentlicht Berichtsreihe FORESEE (4C) - Food Impacts\" \/>\n<meta property=\"og:description\" content=\"Die FORESEE (4C)-Reihe \u00fcber die Transformation von Agrar- und Ern\u00e4hrungssystemen in Zeiten multipler Krisen untersucht das derzeitige Ern\u00e4hrungssystem vor dem Hintergrund der Herausforderungen, die mit\u2026\" \/>\n<meta property=\"og:url\" content=\"https:\/\/food-impacts.com\/de\/tmg-veroeffentlicht-berichtsreihe-foresee-4c\/\" \/>\n<meta property=\"og:site_name\" content=\"Food Impacts\" \/>\n<meta property=\"article:published_time\" content=\"2023-04-11T09:56:54+00:00\" \/>\n<meta property=\"article:modified_time\" content=\"2025-02-19T09:20:08+00:00\" \/>\n<meta property=\"og:image\" content=\"https:\/\/food-impacts.com\/wp-content\/uploads\/2023\/04\/TMG-report-1.png\" \/>\n\t<meta property=\"og:image:width\" content=\"630\" \/>\n\t<meta property=\"og:image:height\" content=\"661\" \/>\n\t<meta property=\"og:image:type\" content=\"image\/png\" \/>\n<meta name=\"author\" content=\"LAUDO\" \/>\n<meta name=\"twitter:card\" content=\"summary_large_image\" \/>\n<meta name=\"twitter:label1\" content=\"Verfasst von\" \/>\n\t<meta name=\"twitter:data1\" content=\"LAUDO\" \/>\n\t<meta name=\"twitter:label2\" content=\"Gesch\u00e4tzte Lesezeit\" \/>\n\t<meta name=\"twitter:data2\" content=\"2\u00a0Minuten\" \/>\n<script type=\"application\/ld+json\" class=\"yoast-schema-graph\">{\"@context\":\"https:\\\/\\\/schema.org\",\"@graph\":[{\"@type\":\"Article\",\"@id\":\"https:\\\/\\\/food-impacts.com\\\/de\\\/tmg-veroeffentlicht-berichtsreihe-foresee-4c\\\/#article\",\"isPartOf\":{\"@id\":\"https:\\\/\\\/food-impacts.com\\\/de\\\/tmg-veroeffentlicht-berichtsreihe-foresee-4c\\\/\"},\"author\":{\"name\":\"LAUDO\",\"@id\":\"https:\\\/\\\/food-impacts.com\\\/de\\\/#\\\/schema\\\/person\\\/d67bf9bfaa34110a847b7e2e50f1f093\"},\"headline\":\"TMG ver\u00f6ffentlicht Berichtsreihe FORESEE (4C)\",\"datePublished\":\"2023-04-11T09:56:54+00:00\",\"dateModified\":\"2025-02-19T09:20:08+00:00\",\"mainEntityOfPage\":{\"@id\":\"https:\\\/\\\/food-impacts.com\\\/de\\\/tmg-veroeffentlicht-berichtsreihe-foresee-4c\\\/\"},\"wordCount\":240,\"image\":{\"@id\":\"https:\\\/\\\/food-impacts.com\\\/de\\\/tmg-veroeffentlicht-berichtsreihe-foresee-4c\\\/#primaryimage\"},\"thumbnailUrl\":\"https:\\\/\\\/food-impacts.com\\\/wp-content\\\/uploads\\\/2023\\\/04\\\/TMG-report-1.png\",\"keywords\":[\"Lebensmittel\",\"Umweltauswirkungen\",\"Workshop\"],\"articleSection\":[\"Deutschland\",\"International\"],\"inLanguage\":\"de\"},{\"@type\":\"WebPage\",\"@id\":\"https:\\\/\\\/food-impacts.com\\\/de\\\/tmg-veroeffentlicht-berichtsreihe-foresee-4c\\\/\",\"url\":\"https:\\\/\\\/food-impacts.com\\\/de\\\/tmg-veroeffentlicht-berichtsreihe-foresee-4c\\\/\",\"name\":\"TMG ver\u00f6ffentlicht Berichtsreihe FORESEE (4C) - Food Impacts\",\"isPartOf\":{\"@id\":\"https:\\\/\\\/food-impacts.com\\\/de\\\/#website\"},\"primaryImageOfPage\":{\"@id\":\"https:\\\/\\\/food-impacts.com\\\/de\\\/tmg-veroeffentlicht-berichtsreihe-foresee-4c\\\/#primaryimage\"},\"image\":{\"@id\":\"https:\\\/\\\/food-impacts.com\\\/de\\\/tmg-veroeffentlicht-berichtsreihe-foresee-4c\\\/#primaryimage\"},\"thumbnailUrl\":\"https:\\\/\\\/food-impacts.com\\\/wp-content\\\/uploads\\\/2023\\\/04\\\/TMG-report-1.png\",\"datePublished\":\"2023-04-11T09:56:54+00:00\",\"dateModified\":\"2025-02-19T09:20:08+00:00\",\"author\":{\"@id\":\"https:\\\/\\\/food-impacts.com\\\/de\\\/#\\\/schema\\\/person\\\/d67bf9bfaa34110a847b7e2e50f1f093\"},\"breadcrumb\":{\"@id\":\"https:\\\/\\\/food-impacts.com\\\/de\\\/tmg-veroeffentlicht-berichtsreihe-foresee-4c\\\/#breadcrumb\"},\"inLanguage\":\"de\",\"potentialAction\":[{\"@type\":\"ReadAction\",\"target\":[\"https:\\\/\\\/food-impacts.com\\\/de\\\/tmg-veroeffentlicht-berichtsreihe-foresee-4c\\\/\"]}]},{\"@type\":\"ImageObject\",\"inLanguage\":\"de\",\"@id\":\"https:\\\/\\\/food-impacts.com\\\/de\\\/tmg-veroeffentlicht-berichtsreihe-foresee-4c\\\/#primaryimage\",\"url\":\"https:\\\/\\\/food-impacts.com\\\/wp-content\\\/uploads\\\/2023\\\/04\\\/TMG-report-1.png\",\"contentUrl\":\"https:\\\/\\\/food-impacts.com\\\/wp-content\\\/uploads\\\/2023\\\/04\\\/TMG-report-1.png\",\"width\":630,\"height\":661},{\"@type\":\"BreadcrumbList\",\"@id\":\"https:\\\/\\\/food-impacts.com\\\/de\\\/tmg-veroeffentlicht-berichtsreihe-foresee-4c\\\/#breadcrumb\",\"itemListElement\":[{\"@type\":\"ListItem\",\"position\":1,\"name\":\"Home\",\"item\":\"https:\\\/\\\/food-impacts.com\\\/de\\\/\"},{\"@type\":\"ListItem\",\"position\":2,\"name\":\"TMG ver\u00f6ffentlicht Berichtsreihe FORESEE (4C)\"}]},{\"@type\":\"WebSite\",\"@id\":\"https:\\\/\\\/food-impacts.com\\\/de\\\/#website\",\"url\":\"https:\\\/\\\/food-impacts.com\\\/de\\\/\",\"name\":\"Food Impacts\",\"description\":\"\",\"potentialAction\":[{\"@type\":\"SearchAction\",\"target\":{\"@type\":\"EntryPoint\",\"urlTemplate\":\"https:\\\/\\\/food-impacts.com\\\/de\\\/?s={search_term_string}\"},\"query-input\":{\"@type\":\"PropertyValueSpecification\",\"valueRequired\":true,\"valueName\":\"search_term_string\"}}],\"inLanguage\":\"de\"},{\"@type\":\"Person\",\"@id\":\"https:\\\/\\\/food-impacts.com\\\/de\\\/#\\\/schema\\\/person\\\/d67bf9bfaa34110a847b7e2e50f1f093\",\"name\":\"LAUDO\",\"image\":{\"@type\":\"ImageObject\",\"inLanguage\":\"de\",\"@id\":\"https:\\\/\\\/secure.gravatar.com\\\/avatar\\\/02e187aff594f206d4ab6002c1d5fba8e65a128570a4c2b003a2aee6092a2fd1?s=96&d=mm&r=g\",\"url\":\"https:\\\/\\\/secure.gravatar.com\\\/avatar\\\/02e187aff594f206d4ab6002c1d5fba8e65a128570a4c2b003a2aee6092a2fd1?s=96&d=mm&r=g\",\"contentUrl\":\"https:\\\/\\\/secure.gravatar.com\\\/avatar\\\/02e187aff594f206d4ab6002c1d5fba8e65a128570a4c2b003a2aee6092a2fd1?s=96&d=mm&r=g\",\"caption\":\"LAUDO\"},\"sameAs\":[\"https:\\\/\\\/food-impacts.com\"],\"url\":\"https:\\\/\\\/food-impacts.com\\\/de\\\/author\\\/laudo\\\/\"}]}<\/script>\n<!-- \/ Yoast SEO plugin. -->","yoast_head_json":{"title":"TMG ver\u00f6ffentlicht Berichtsreihe FORESEE (4C) - Food Impacts","robots":{"index":"index","follow":"follow","max-snippet":"max-snippet:-1","max-image-preview":"max-image-preview:large","max-video-preview":"max-video-preview:-1"},"canonical":"https:\/\/food-impacts.com\/de\/tmg-veroeffentlicht-berichtsreihe-foresee-4c\/","og_locale":"de_DE","og_type":"article","og_title":"TMG ver\u00f6ffentlicht Berichtsreihe FORESEE (4C) - Food Impacts","og_description":"Die FORESEE (4C)-Reihe \u00fcber die Transformation von Agrar- und Ern\u00e4hrungssystemen in Zeiten multipler Krisen untersucht das derzeitige Ern\u00e4hrungssystem vor dem Hintergrund der Herausforderungen, die mit\u2026","og_url":"https:\/\/food-impacts.com\/de\/tmg-veroeffentlicht-berichtsreihe-foresee-4c\/","og_site_name":"Food Impacts","article_published_time":"2023-04-11T09:56:54+00:00","article_modified_time":"2025-02-19T09:20:08+00:00","og_image":[{"width":630,"height":661,"url":"https:\/\/food-impacts.com\/wp-content\/uploads\/2023\/04\/TMG-report-1.png","type":"image\/png"}],"author":"LAUDO","twitter_card":"summary_large_image","twitter_misc":{"Verfasst von":"LAUDO","Gesch\u00e4tzte Lesezeit":"2\u00a0Minuten"},"schema":{"@context":"https:\/\/schema.org","@graph":[{"@type":"Article","@id":"https:\/\/food-impacts.com\/de\/tmg-veroeffentlicht-berichtsreihe-foresee-4c\/#article","isPartOf":{"@id":"https:\/\/food-impacts.com\/de\/tmg-veroeffentlicht-berichtsreihe-foresee-4c\/"},"author":{"name":"LAUDO","@id":"https:\/\/food-impacts.com\/de\/#\/schema\/person\/d67bf9bfaa34110a847b7e2e50f1f093"},"headline":"TMG ver\u00f6ffentlicht Berichtsreihe FORESEE (4C)","datePublished":"2023-04-11T09:56:54+00:00","dateModified":"2025-02-19T09:20:08+00:00","mainEntityOfPage":{"@id":"https:\/\/food-impacts.com\/de\/tmg-veroeffentlicht-berichtsreihe-foresee-4c\/"},"wordCount":240,"image":{"@id":"https:\/\/food-impacts.com\/de\/tmg-veroeffentlicht-berichtsreihe-foresee-4c\/#primaryimage"},"thumbnailUrl":"https:\/\/food-impacts.com\/wp-content\/uploads\/2023\/04\/TMG-report-1.png","keywords":["Lebensmittel","Umweltauswirkungen","Workshop"],"articleSection":["Deutschland","International"],"inLanguage":"de"},{"@type":"WebPage","@id":"https:\/\/food-impacts.com\/de\/tmg-veroeffentlicht-berichtsreihe-foresee-4c\/","url":"https:\/\/food-impacts.com\/de\/tmg-veroeffentlicht-berichtsreihe-foresee-4c\/","name":"TMG ver\u00f6ffentlicht Berichtsreihe FORESEE (4C) - Food Impacts","isPartOf":{"@id":"https:\/\/food-impacts.com\/de\/#website"},"primaryImageOfPage":{"@id":"https:\/\/food-impacts.com\/de\/tmg-veroeffentlicht-berichtsreihe-foresee-4c\/#primaryimage"},"image":{"@id":"https:\/\/food-impacts.com\/de\/tmg-veroeffentlicht-berichtsreihe-foresee-4c\/#primaryimage"},"thumbnailUrl":"https:\/\/food-impacts.com\/wp-content\/uploads\/2023\/04\/TMG-report-1.png","datePublished":"2023-04-11T09:56:54+00:00","dateModified":"2025-02-19T09:20:08+00:00","author":{"@id":"https:\/\/food-impacts.com\/de\/#\/schema\/person\/d67bf9bfaa34110a847b7e2e50f1f093"},"breadcrumb":{"@id":"https:\/\/food-impacts.com\/de\/tmg-veroeffentlicht-berichtsreihe-foresee-4c\/#breadcrumb"},"inLanguage":"de","potentialAction":[{"@type":"ReadAction","target":["https:\/\/food-impacts.com\/de\/tmg-veroeffentlicht-berichtsreihe-foresee-4c\/"]}]},{"@type":"ImageObject","inLanguage":"de","@id":"https:\/\/food-impacts.com\/de\/tmg-veroeffentlicht-berichtsreihe-foresee-4c\/#primaryimage","url":"https:\/\/food-impacts.com\/wp-content\/uploads\/2023\/04\/TMG-report-1.png","contentUrl":"https:\/\/food-impacts.com\/wp-content\/uploads\/2023\/04\/TMG-report-1.png","width":630,"height":661},{"@type":"BreadcrumbList","@id":"https:\/\/food-impacts.com\/de\/tmg-veroeffentlicht-berichtsreihe-foresee-4c\/#breadcrumb","itemListElement":[{"@type":"ListItem","position":1,"name":"Home","item":"https:\/\/food-impacts.com\/de\/"},{"@type":"ListItem","position":2,"name":"TMG ver\u00f6ffentlicht Berichtsreihe FORESEE (4C)"}]},{"@type":"WebSite","@id":"https:\/\/food-impacts.com\/de\/#website","url":"https:\/\/food-impacts.com\/de\/","name":"Food Impacts","description":"","potentialAction":[{"@type":"SearchAction","target":{"@type":"EntryPoint","urlTemplate":"https:\/\/food-impacts.com\/de\/?s={search_term_string}"},"query-input":{"@type":"PropertyValueSpecification","valueRequired":true,"valueName":"search_term_string"}}],"inLanguage":"de"},{"@type":"Person","@id":"https:\/\/food-impacts.com\/de\/#\/schema\/person\/d67bf9bfaa34110a847b7e2e50f1f093","name":"LAUDO","image":{"@type":"ImageObject","inLanguage":"de","@id":"https:\/\/secure.gravatar.com\/avatar\/02e187aff594f206d4ab6002c1d5fba8e65a128570a4c2b003a2aee6092a2fd1?s=96&d=mm&r=g","url":"https:\/\/secure.gravatar.com\/avatar\/02e187aff594f206d4ab6002c1d5fba8e65a128570a4c2b003a2aee6092a2fd1?s=96&d=mm&r=g","contentUrl":"https:\/\/secure.gravatar.com\/avatar\/02e187aff594f206d4ab6002c1d5fba8e65a128570a4c2b003a2aee6092a2fd1?s=96&d=mm&r=g","caption":"LAUDO"},"sameAs":["https:\/\/food-impacts.com"],"url":"https:\/\/food-impacts.com\/de\/author\/laudo\/"}]}},"_links":{"self":[{"href":"https:\/\/food-impacts.com\/de\/wp-json\/wp\/v2\/posts\/2248","targetHints":{"allow":["GET"]}}],"collection":[{"href":"https:\/\/food-impacts.com\/de\/wp-json\/wp\/v2\/posts"}],"about":[{"href":"https:\/\/food-impacts.com\/de\/wp-json\/wp\/v2\/types\/post"}],"author":[{"embeddable":true,"href":"https:\/\/food-impacts.com\/de\/wp-json\/wp\/v2\/users\/1"}],"replies":[{"embeddable":true,"href":"https:\/\/food-impacts.com\/de\/wp-json\/wp\/v2\/comments?post=2248"}],"version-history":[{"count":1,"href":"https:\/\/food-impacts.com\/de\/wp-json\/wp\/v2\/posts\/2248\/revisions"}],"predecessor-version":[{"id":19365,"href":"https:\/\/food-impacts.com\/de\/wp-json\/wp\/v2\/posts\/2248\/revisions\/19365"}],"wp:featuredmedia":[{"embeddable":true,"href":"https:\/\/food-impacts.com\/de\/wp-json\/wp\/v2\/media\/2241"}],"wp:attachment":[{"href":"https:\/\/food-impacts.com\/de\/wp-json\/wp\/v2\/media?parent=2248"}],"wp:term":[{"taxonomy":"category","embeddable":true,"href":"https:\/\/food-impacts.com\/de\/wp-json\/wp\/v2\/categories?post=2248"},{"taxonomy":"post_tag","embeddable":true,"href":"https:\/\/food-impacts.com\/de\/wp-json\/wp\/v2\/tags?post=2248"}],"curies":[{"name":"wp","href":"https:\/\/api.w.org\/{rel}","templated":true}]}}