{"id":1959,"date":"2022-10-18T19:35:59","date_gmt":"2022-10-18T19:35:59","guid":{"rendered":"https:\/\/food-impacts.com\/?p=1959"},"modified":"2025-02-19T09:23:24","modified_gmt":"2025-02-19T09:23:24","slug":"corsus-praesentiert-projektergebnisse-auf-der-internationalen-food-life-cycle-assessment-konferenz-2022","status":"publish","type":"post","link":"https:\/\/food-impacts.com\/de\/corsus-praesentiert-projektergebnisse-auf-der-internationalen-food-life-cycle-assessment-konferenz-2022\/","title":{"rendered":"corsus pr\u00e4sentiert Projektergebnisse auf der Internationalen Food Life Cycle Assessment Konferenz 2022"},"content":{"rendered":"<div class=\"block-wrapper block-wrapper--paragraph\"><div class=\"container container--narrow\">\n<p>Vom 12. Bis 15. Oktober 2022 fand de Internationale Food Life Cycle Assessment (\u00d6kobilanz) Konferenz 2022 in Lima in Peru statt. Food LCA-Expert:innen aus der ganzen Welt pr\u00e4sentierten hier die neusten Forschungsergebnisse. Auch das corsus Team war auf der Konferenz mit mehreren Vortr\u00e4gen vertreten: Dr.&nbsp;<a href=\"https:\/\/www.corsus.de\/ueber-uns\/unser-team\/#member-956-info\" target=\"_blank\" rel=\"noreferrer noopener\">Ulrike Eberle<\/a>&nbsp;und&nbsp;<a href=\"https:\/\/www.corsus.de\/ueber-uns\/unser-team\/#member-957-info\" target=\"_blank\" rel=\"noreferrer noopener\">Nico Mumm<\/a>&nbsp;pr\u00e4sentierten in zwei Vortr\u00e4gen die Ergebnisse der Besseresser:innen-Studie, in der corsus im Auftrag des<a href=\"https:\/\/www.wwf.de\/themen-projekte\/landwirtschaft\/ernaehrung-konsum\/besseresserinnen\" target=\"_blank\" rel=\"noreferrer noopener\">&nbsp;WWF Deutschland<\/a>&nbsp;die&nbsp;<a href=\"https:\/\/www.corsus.de\/news\/references\/umweltauswirkungen-von-ernaehrung-4\/\" target=\"_blank\" rel=\"noreferrer noopener\">Umweltauswirkungen der Ern\u00e4hrung<\/a>&nbsp;in Deutschland ermittelt hat.<\/p>\n<\/div><\/div>\n\n<div class=\"block-wrapper block-wrapper--paragraph\"><div class=\"container container--narrow\">\n<p><a href=\"https:\/\/www.corsus.de\/taetigkeitsfelder\/ernaehrungssysteme\/\" target=\"_blank\" rel=\"noreferrer noopener\">Nachhaltige Ern\u00e4hrungssysteme<\/a>&nbsp;sind einer der Arbeitsschwerpunkte von corsus. Im Auftrag des WWF Deutschland hat corsus die Umweltauswirkungen der Ern\u00e4hrung in Deutschland berechnet. Die Untersuchung baut auf einer<a href=\"https:\/\/www.corsus.de\/news\/references\/lebensmittelabfaelle\/\" target=\"_blank\" rel=\"noreferrer noopener\">&nbsp;Studie<\/a>&nbsp;auf, die corsus im Auftrag des Umweltbundesamt 2016 durchgef\u00fchrt hat und f\u00fchrt die Arbeiten aus dem Forschungsvorhaben&nbsp;<a href=\"https:\/\/www.corsus.de\/news\/references\/ernaehrungswende-2\/\" target=\"_blank\" rel=\"noreferrer noopener\">Ern\u00e4hrungswende<\/a>&nbsp;fort, in dem 2005 erstmals die Umweltauswirkungen der Ern\u00e4hrung in Deutschland quantifiziert wurden.<\/p>\n<\/div><\/div>\n\n<div class=\"block-wrapper block-wrapper--paragraph\"><div class=\"container container--narrow\">\n<p>In der Studie f\u00fcr den WWF Deutschland hat corsus nun erstmals auch die Umweltauswirkungen in Bezug auf Wasserknappheit und Biodiversit\u00e4t quantifiziert. Zudem wurden Szenarien entwickelt, um zu eruieren, wie sich die Umweltauswirkungen entwickeln w\u00fcrden, wenn die Empfehlungen der Eat Lancet Kommission, die Empfehlungen f\u00fcr eine Ern\u00e4hrung zum Wohle des Planeten entwickelt hat, eingehalten w\u00fcrden.<\/p>\n<\/div><\/div>\n\n<div class=\"block-wrapper block-wrapper--paragraph\"><div class=\"container container--narrow\">\n<p>Nico Mumm legte in seinem Vortrag dar, wie das Modell entwickelt wurde und insbesondere wie die Auswirkungen auf Biodiversit\u00e4t und Wasserknappheit quantifiziert wurden. F\u00fcr die Berechnung der Auswirkungen auf Biodiversit\u00e4t hat corsus erstmalig l\u00e4nder- und produktspezifische Charakterisierungsfaktoren f\u00fcr \u00d6koregionen entwickelt und so einen Beitrag zur Methodendiskussion zur Wirkungsabsch\u00e4tzung von Biodiversit\u00e4tsauswirkungen durch die Lebensmittelproduktion geliefert.<\/p>\n<\/div><\/div>\n\n<div class=\"block-wrapper block-wrapper--paragraph\"><div class=\"container container--narrow\">\n<p>Dr. Ulrike Eberle stellte auf der Konferenz vor, wie die Szenarien entwickelt wurden und wie sich die Umweltauswirkungen entwickeln w\u00fcrden. Zun\u00e4chst einmal kann festgestellt werden, dass wir heute in Deutschland im Durchschnitt viel zu viel essen. Schon allein durch die Reduktion der Mengen auf ein empfohlenes Ma\u00df lie\u00dfen sich Umweltauswirkungen reduzieren. Gleichzeitig konnte gezeigt werden, dass eine vegetarische oder vegane Ern\u00e4hrungsweise nach den Empfehlungen der Eat Lancel Kommission bei den meisten Umweltauswirkungen zu erheblichen Reduktionen f\u00fchren w\u00fcrde. So lie\u00dfen sich die Treibhausgasemissionen, der Fl\u00e4chenfu\u00dfabdruck und die Auswirkungen auf die Biodiversit\u00e4t auf rund die H\u00e4lfte reduzieren. Lediglich die Auswirkungen in Bezug auf Wasserknappheit w\u00fcrden steigen \u2013 vor allem verursacht durch den Konsum an Zitrusfr\u00fcchten und kalifornischen Mandeln.<\/p>\n<\/div><\/div>\n\n<div class=\"block-wrapper block-wrapper--paragraph\"><div class=\"container container--narrow\">\n<p>Die Abstracts der Vortr\u00e4ge werden in den Konferenz-Proceedings der Internationalen Food LCA Konferenz ver\u00f6ffentlicht werden (auf Englisch). Wenn Sie Interesse haben, die Abstracts zu erhalten, schicken Sie bitte ein Email an&nbsp;<a href=\"mailto:anfrage@corsus.de\">anfrage@corsus.de<\/a>.<\/p>\n<\/div><\/div>\n\n<div class=\"block-wrapper block-wrapper--paragraph\"><div class=\"container container--narrow\">\n<p>Weitere Informationen zu corsus:&nbsp;<a href=\"https:\/\/www.corsus.de\/\" target=\"_blank\" rel=\"noreferrer noopener\">Startseite &#8211; Corsus<\/a><\/p>\n<\/div><\/div>","protected":false},"excerpt":{"rendered":"<p>Vom 12. Bis 15. Oktober 2022 fand de Internationale Food Life Cycle Assessment (\u00d6kobilanz) Konferenz 2022 in Lima in Peru statt. Food LCA-Expert:innen aus der\u2026<\/p>\n","protected":false},"author":1,"featured_media":2005,"comment_status":"closed","ping_status":"closed","sticky":false,"template":"","format":"standard","meta":{"_acf_changed":false,"footnotes":""},"categories":[133,139],"tags":[],"class_list":["post-1959","post","type-post","status-publish","format-standard","has-post-thumbnail","hentry","category-deutschland-de","category-international-en-de"],"acf":[],"yoast_head":"<!-- This site is optimized with the Yoast SEO plugin v27.4 - https:\/\/yoast.com\/product\/yoast-seo-wordpress\/ -->\n<title>corsus pr\u00e4sentiert Projektergebnisse auf der Internationalen Food Life Cycle Assessment Konferenz 2022 - Food Impacts<\/title>\n<meta name=\"robots\" content=\"index, follow, max-snippet:-1, max-image-preview:large, max-video-preview:-1\" \/>\n<link rel=\"canonical\" href=\"https:\/\/food-impacts.com\/de\/corsus-praesentiert-projektergebnisse-auf-der-internationalen-food-life-cycle-assessment-konferenz-2022\/\" \/>\n<meta property=\"og:locale\" content=\"de_DE\" \/>\n<meta property=\"og:type\" content=\"article\" \/>\n<meta property=\"og:title\" content=\"corsus pr\u00e4sentiert Projektergebnisse auf der Internationalen Food Life Cycle Assessment Konferenz 2022 - Food Impacts\" \/>\n<meta property=\"og:description\" content=\"Vom 12. Bis 15. Oktober 2022 fand de Internationale Food Life Cycle Assessment (\u00d6kobilanz) Konferenz 2022 in Lima in Peru statt. Food LCA-Expert:innen aus der\u2026\" \/>\n<meta property=\"og:url\" content=\"https:\/\/food-impacts.com\/de\/corsus-praesentiert-projektergebnisse-auf-der-internationalen-food-life-cycle-assessment-konferenz-2022\/\" \/>\n<meta property=\"og:site_name\" content=\"Food Impacts\" \/>\n<meta property=\"article:published_time\" content=\"2022-10-18T19:35:59+00:00\" \/>\n<meta property=\"article:modified_time\" content=\"2025-02-19T09:23:24+00:00\" \/>\n<meta property=\"og:image\" content=\"https:\/\/food-impacts.com\/wp-content\/uploads\/2022\/10\/LCAFOOD22-scaled-1.jpg\" \/>\n\t<meta property=\"og:image:width\" content=\"2560\" \/>\n\t<meta property=\"og:image:height\" content=\"1920\" \/>\n\t<meta property=\"og:image:type\" content=\"image\/jpeg\" \/>\n<meta name=\"author\" content=\"LAUDO\" \/>\n<meta name=\"twitter:card\" content=\"summary_large_image\" \/>\n<meta name=\"twitter:label1\" content=\"Verfasst von\" \/>\n\t<meta name=\"twitter:data1\" content=\"LAUDO\" \/>\n<script type=\"application\/ld+json\" class=\"yoast-schema-graph\">{\"@context\":\"https:\\\/\\\/schema.org\",\"@graph\":[{\"@type\":\"Article\",\"@id\":\"https:\\\/\\\/food-impacts.com\\\/de\\\/corsus-praesentiert-projektergebnisse-auf-der-internationalen-food-life-cycle-assessment-konferenz-2022\\\/#article\",\"isPartOf\":{\"@id\":\"https:\\\/\\\/food-impacts.com\\\/de\\\/corsus-praesentiert-projektergebnisse-auf-der-internationalen-food-life-cycle-assessment-konferenz-2022\\\/\"},\"author\":{\"name\":\"LAUDO\",\"@id\":\"https:\\\/\\\/food-impacts.com\\\/de\\\/#\\\/schema\\\/person\\\/d67bf9bfaa34110a847b7e2e50f1f093\"},\"headline\":\"corsus pr\u00e4sentiert Projektergebnisse auf der Internationalen Food Life Cycle Assessment Konferenz 2022\",\"datePublished\":\"2022-10-18T19:35:59+00:00\",\"dateModified\":\"2025-02-19T09:23:24+00:00\",\"mainEntityOfPage\":{\"@id\":\"https:\\\/\\\/food-impacts.com\\\/de\\\/corsus-praesentiert-projektergebnisse-auf-der-internationalen-food-life-cycle-assessment-konferenz-2022\\\/\"},\"wordCount\":459,\"image\":{\"@id\":\"https:\\\/\\\/food-impacts.com\\\/de\\\/corsus-praesentiert-projektergebnisse-auf-der-internationalen-food-life-cycle-assessment-konferenz-2022\\\/#primaryimage\"},\"thumbnailUrl\":\"https:\\\/\\\/food-impacts.com\\\/wp-content\\\/uploads\\\/2022\\\/10\\\/LCAFOOD22-scaled-1.jpg\",\"articleSection\":[\"Deutschland\",\"International\"],\"inLanguage\":\"de\"},{\"@type\":\"WebPage\",\"@id\":\"https:\\\/\\\/food-impacts.com\\\/de\\\/corsus-praesentiert-projektergebnisse-auf-der-internationalen-food-life-cycle-assessment-konferenz-2022\\\/\",\"url\":\"https:\\\/\\\/food-impacts.com\\\/de\\\/corsus-praesentiert-projektergebnisse-auf-der-internationalen-food-life-cycle-assessment-konferenz-2022\\\/\",\"name\":\"corsus pr\u00e4sentiert Projektergebnisse auf der Internationalen Food Life Cycle Assessment Konferenz 2022 - Food Impacts\",\"isPartOf\":{\"@id\":\"https:\\\/\\\/food-impacts.com\\\/de\\\/#website\"},\"primaryImageOfPage\":{\"@id\":\"https:\\\/\\\/food-impacts.com\\\/de\\\/corsus-praesentiert-projektergebnisse-auf-der-internationalen-food-life-cycle-assessment-konferenz-2022\\\/#primaryimage\"},\"image\":{\"@id\":\"https:\\\/\\\/food-impacts.com\\\/de\\\/corsus-praesentiert-projektergebnisse-auf-der-internationalen-food-life-cycle-assessment-konferenz-2022\\\/#primaryimage\"},\"thumbnailUrl\":\"https:\\\/\\\/food-impacts.com\\\/wp-content\\\/uploads\\\/2022\\\/10\\\/LCAFOOD22-scaled-1.jpg\",\"datePublished\":\"2022-10-18T19:35:59+00:00\",\"dateModified\":\"2025-02-19T09:23:24+00:00\",\"author\":{\"@id\":\"https:\\\/\\\/food-impacts.com\\\/de\\\/#\\\/schema\\\/person\\\/d67bf9bfaa34110a847b7e2e50f1f093\"},\"breadcrumb\":{\"@id\":\"https:\\\/\\\/food-impacts.com\\\/de\\\/corsus-praesentiert-projektergebnisse-auf-der-internationalen-food-life-cycle-assessment-konferenz-2022\\\/#breadcrumb\"},\"inLanguage\":\"de\",\"potentialAction\":[{\"@type\":\"ReadAction\",\"target\":[\"https:\\\/\\\/food-impacts.com\\\/de\\\/corsus-praesentiert-projektergebnisse-auf-der-internationalen-food-life-cycle-assessment-konferenz-2022\\\/\"]}]},{\"@type\":\"ImageObject\",\"inLanguage\":\"de\",\"@id\":\"https:\\\/\\\/food-impacts.com\\\/de\\\/corsus-praesentiert-projektergebnisse-auf-der-internationalen-food-life-cycle-assessment-konferenz-2022\\\/#primaryimage\",\"url\":\"https:\\\/\\\/food-impacts.com\\\/wp-content\\\/uploads\\\/2022\\\/10\\\/LCAFOOD22-scaled-1.jpg\",\"contentUrl\":\"https:\\\/\\\/food-impacts.com\\\/wp-content\\\/uploads\\\/2022\\\/10\\\/LCAFOOD22-scaled-1.jpg\",\"width\":2560,\"height\":1920},{\"@type\":\"BreadcrumbList\",\"@id\":\"https:\\\/\\\/food-impacts.com\\\/de\\\/corsus-praesentiert-projektergebnisse-auf-der-internationalen-food-life-cycle-assessment-konferenz-2022\\\/#breadcrumb\",\"itemListElement\":[{\"@type\":\"ListItem\",\"position\":1,\"name\":\"Home\",\"item\":\"https:\\\/\\\/food-impacts.com\\\/de\\\/\"},{\"@type\":\"ListItem\",\"position\":2,\"name\":\"corsus pr\u00e4sentiert Projektergebnisse auf der Internationalen Food Life Cycle Assessment Konferenz 2022\"}]},{\"@type\":\"WebSite\",\"@id\":\"https:\\\/\\\/food-impacts.com\\\/de\\\/#website\",\"url\":\"https:\\\/\\\/food-impacts.com\\\/de\\\/\",\"name\":\"Food Impacts\",\"description\":\"\",\"potentialAction\":[{\"@type\":\"SearchAction\",\"target\":{\"@type\":\"EntryPoint\",\"urlTemplate\":\"https:\\\/\\\/food-impacts.com\\\/de\\\/?s={search_term_string}\"},\"query-input\":{\"@type\":\"PropertyValueSpecification\",\"valueRequired\":true,\"valueName\":\"search_term_string\"}}],\"inLanguage\":\"de\"},{\"@type\":\"Person\",\"@id\":\"https:\\\/\\\/food-impacts.com\\\/de\\\/#\\\/schema\\\/person\\\/d67bf9bfaa34110a847b7e2e50f1f093\",\"name\":\"LAUDO\",\"image\":{\"@type\":\"ImageObject\",\"inLanguage\":\"de\",\"@id\":\"https:\\\/\\\/secure.gravatar.com\\\/avatar\\\/02e187aff594f206d4ab6002c1d5fba8e65a128570a4c2b003a2aee6092a2fd1?s=96&d=mm&r=g\",\"url\":\"https:\\\/\\\/secure.gravatar.com\\\/avatar\\\/02e187aff594f206d4ab6002c1d5fba8e65a128570a4c2b003a2aee6092a2fd1?s=96&d=mm&r=g\",\"contentUrl\":\"https:\\\/\\\/secure.gravatar.com\\\/avatar\\\/02e187aff594f206d4ab6002c1d5fba8e65a128570a4c2b003a2aee6092a2fd1?s=96&d=mm&r=g\",\"caption\":\"LAUDO\"},\"sameAs\":[\"https:\\\/\\\/food-impacts.com\"],\"url\":\"https:\\\/\\\/food-impacts.com\\\/de\\\/author\\\/laudo\\\/\"}]}<\/script>\n<!-- \/ Yoast SEO plugin. -->","yoast_head_json":{"title":"corsus pr\u00e4sentiert Projektergebnisse auf der Internationalen Food Life Cycle Assessment Konferenz 2022 - Food Impacts","robots":{"index":"index","follow":"follow","max-snippet":"max-snippet:-1","max-image-preview":"max-image-preview:large","max-video-preview":"max-video-preview:-1"},"canonical":"https:\/\/food-impacts.com\/de\/corsus-praesentiert-projektergebnisse-auf-der-internationalen-food-life-cycle-assessment-konferenz-2022\/","og_locale":"de_DE","og_type":"article","og_title":"corsus pr\u00e4sentiert Projektergebnisse auf der Internationalen Food Life Cycle Assessment Konferenz 2022 - Food Impacts","og_description":"Vom 12. Bis 15. Oktober 2022 fand de Internationale Food Life Cycle Assessment (\u00d6kobilanz) Konferenz 2022 in Lima in Peru statt. Food LCA-Expert:innen aus der\u2026","og_url":"https:\/\/food-impacts.com\/de\/corsus-praesentiert-projektergebnisse-auf-der-internationalen-food-life-cycle-assessment-konferenz-2022\/","og_site_name":"Food Impacts","article_published_time":"2022-10-18T19:35:59+00:00","article_modified_time":"2025-02-19T09:23:24+00:00","og_image":[{"width":2560,"height":1920,"url":"https:\/\/food-impacts.com\/wp-content\/uploads\/2022\/10\/LCAFOOD22-scaled-1.jpg","type":"image\/jpeg"}],"author":"LAUDO","twitter_card":"summary_large_image","twitter_misc":{"Verfasst von":"LAUDO"},"schema":{"@context":"https:\/\/schema.org","@graph":[{"@type":"Article","@id":"https:\/\/food-impacts.com\/de\/corsus-praesentiert-projektergebnisse-auf-der-internationalen-food-life-cycle-assessment-konferenz-2022\/#article","isPartOf":{"@id":"https:\/\/food-impacts.com\/de\/corsus-praesentiert-projektergebnisse-auf-der-internationalen-food-life-cycle-assessment-konferenz-2022\/"},"author":{"name":"LAUDO","@id":"https:\/\/food-impacts.com\/de\/#\/schema\/person\/d67bf9bfaa34110a847b7e2e50f1f093"},"headline":"corsus pr\u00e4sentiert Projektergebnisse auf der Internationalen Food Life Cycle Assessment Konferenz 2022","datePublished":"2022-10-18T19:35:59+00:00","dateModified":"2025-02-19T09:23:24+00:00","mainEntityOfPage":{"@id":"https:\/\/food-impacts.com\/de\/corsus-praesentiert-projektergebnisse-auf-der-internationalen-food-life-cycle-assessment-konferenz-2022\/"},"wordCount":459,"image":{"@id":"https:\/\/food-impacts.com\/de\/corsus-praesentiert-projektergebnisse-auf-der-internationalen-food-life-cycle-assessment-konferenz-2022\/#primaryimage"},"thumbnailUrl":"https:\/\/food-impacts.com\/wp-content\/uploads\/2022\/10\/LCAFOOD22-scaled-1.jpg","articleSection":["Deutschland","International"],"inLanguage":"de"},{"@type":"WebPage","@id":"https:\/\/food-impacts.com\/de\/corsus-praesentiert-projektergebnisse-auf-der-internationalen-food-life-cycle-assessment-konferenz-2022\/","url":"https:\/\/food-impacts.com\/de\/corsus-praesentiert-projektergebnisse-auf-der-internationalen-food-life-cycle-assessment-konferenz-2022\/","name":"corsus pr\u00e4sentiert Projektergebnisse auf der Internationalen Food Life Cycle Assessment Konferenz 2022 - Food Impacts","isPartOf":{"@id":"https:\/\/food-impacts.com\/de\/#website"},"primaryImageOfPage":{"@id":"https:\/\/food-impacts.com\/de\/corsus-praesentiert-projektergebnisse-auf-der-internationalen-food-life-cycle-assessment-konferenz-2022\/#primaryimage"},"image":{"@id":"https:\/\/food-impacts.com\/de\/corsus-praesentiert-projektergebnisse-auf-der-internationalen-food-life-cycle-assessment-konferenz-2022\/#primaryimage"},"thumbnailUrl":"https:\/\/food-impacts.com\/wp-content\/uploads\/2022\/10\/LCAFOOD22-scaled-1.jpg","datePublished":"2022-10-18T19:35:59+00:00","dateModified":"2025-02-19T09:23:24+00:00","author":{"@id":"https:\/\/food-impacts.com\/de\/#\/schema\/person\/d67bf9bfaa34110a847b7e2e50f1f093"},"breadcrumb":{"@id":"https:\/\/food-impacts.com\/de\/corsus-praesentiert-projektergebnisse-auf-der-internationalen-food-life-cycle-assessment-konferenz-2022\/#breadcrumb"},"inLanguage":"de","potentialAction":[{"@type":"ReadAction","target":["https:\/\/food-impacts.com\/de\/corsus-praesentiert-projektergebnisse-auf-der-internationalen-food-life-cycle-assessment-konferenz-2022\/"]}]},{"@type":"ImageObject","inLanguage":"de","@id":"https:\/\/food-impacts.com\/de\/corsus-praesentiert-projektergebnisse-auf-der-internationalen-food-life-cycle-assessment-konferenz-2022\/#primaryimage","url":"https:\/\/food-impacts.com\/wp-content\/uploads\/2022\/10\/LCAFOOD22-scaled-1.jpg","contentUrl":"https:\/\/food-impacts.com\/wp-content\/uploads\/2022\/10\/LCAFOOD22-scaled-1.jpg","width":2560,"height":1920},{"@type":"BreadcrumbList","@id":"https:\/\/food-impacts.com\/de\/corsus-praesentiert-projektergebnisse-auf-der-internationalen-food-life-cycle-assessment-konferenz-2022\/#breadcrumb","itemListElement":[{"@type":"ListItem","position":1,"name":"Home","item":"https:\/\/food-impacts.com\/de\/"},{"@type":"ListItem","position":2,"name":"corsus pr\u00e4sentiert Projektergebnisse auf der Internationalen Food Life Cycle Assessment Konferenz 2022"}]},{"@type":"WebSite","@id":"https:\/\/food-impacts.com\/de\/#website","url":"https:\/\/food-impacts.com\/de\/","name":"Food Impacts","description":"","potentialAction":[{"@type":"SearchAction","target":{"@type":"EntryPoint","urlTemplate":"https:\/\/food-impacts.com\/de\/?s={search_term_string}"},"query-input":{"@type":"PropertyValueSpecification","valueRequired":true,"valueName":"search_term_string"}}],"inLanguage":"de"},{"@type":"Person","@id":"https:\/\/food-impacts.com\/de\/#\/schema\/person\/d67bf9bfaa34110a847b7e2e50f1f093","name":"LAUDO","image":{"@type":"ImageObject","inLanguage":"de","@id":"https:\/\/secure.gravatar.com\/avatar\/02e187aff594f206d4ab6002c1d5fba8e65a128570a4c2b003a2aee6092a2fd1?s=96&d=mm&r=g","url":"https:\/\/secure.gravatar.com\/avatar\/02e187aff594f206d4ab6002c1d5fba8e65a128570a4c2b003a2aee6092a2fd1?s=96&d=mm&r=g","contentUrl":"https:\/\/secure.gravatar.com\/avatar\/02e187aff594f206d4ab6002c1d5fba8e65a128570a4c2b003a2aee6092a2fd1?s=96&d=mm&r=g","caption":"LAUDO"},"sameAs":["https:\/\/food-impacts.com"],"url":"https:\/\/food-impacts.com\/de\/author\/laudo\/"}]}},"_links":{"self":[{"href":"https:\/\/food-impacts.com\/de\/wp-json\/wp\/v2\/posts\/1959","targetHints":{"allow":["GET"]}}],"collection":[{"href":"https:\/\/food-impacts.com\/de\/wp-json\/wp\/v2\/posts"}],"about":[{"href":"https:\/\/food-impacts.com\/de\/wp-json\/wp\/v2\/types\/post"}],"author":[{"embeddable":true,"href":"https:\/\/food-impacts.com\/de\/wp-json\/wp\/v2\/users\/1"}],"replies":[{"embeddable":true,"href":"https:\/\/food-impacts.com\/de\/wp-json\/wp\/v2\/comments?post=1959"}],"version-history":[{"count":1,"href":"https:\/\/food-impacts.com\/de\/wp-json\/wp\/v2\/posts\/1959\/revisions"}],"predecessor-version":[{"id":19373,"href":"https:\/\/food-impacts.com\/de\/wp-json\/wp\/v2\/posts\/1959\/revisions\/19373"}],"wp:featuredmedia":[{"embeddable":true,"href":"https:\/\/food-impacts.com\/de\/wp-json\/wp\/v2\/media\/2005"}],"wp:attachment":[{"href":"https:\/\/food-impacts.com\/de\/wp-json\/wp\/v2\/media?parent=1959"}],"wp:term":[{"taxonomy":"category","embeddable":true,"href":"https:\/\/food-impacts.com\/de\/wp-json\/wp\/v2\/categories?post=1959"},{"taxonomy":"post_tag","embeddable":true,"href":"https:\/\/food-impacts.com\/de\/wp-json\/wp\/v2\/tags?post=1959"}],"curies":[{"name":"wp","href":"https:\/\/api.w.org\/{rel}","templated":true}]}}